{"id":2364,"date":"2019-08-12T11:25:34","date_gmt":"2019-08-12T10:25:34","guid":{"rendered":"https:\/\/www.superlastminutes.be\/fr\/?p=2364"},"modified":"2019-08-09T11:27:03","modified_gmt":"2019-08-09T10:27:03","slug":"last-minutes-a-petit-prix-chez-neckermann","status":"publish","type":"post","link":"https:\/\/superlastminutes.be\/fr\/last-minutes-a-petit-prix-chez-neckermann\/","title":{"rendered":"Last minutes \u00e0 petit prix chez Neckermann"},"content":{"rendered":"<p>Chez Neckermann, c&rsquo;est encore les soldes ! En ce moment, vous b\u00e9n\u00e9ficiez de r\u00e9ductions exclusives allant jusqu&rsquo;\u00e0 &#8211; 70%<\/p>\n<p><!--more--><\/p>\n<p>Vous ne savez pas o\u00f9 partir ? Nous avons s\u00e9lectionn\u00e9 les meilleures offres pour vous :<\/p>\n<h2>Maroc, Marrakech<\/h2>\n<p><a href=\"https:\/\/superlastminutes.be\/fr\/link\/neckermann\" target=\"_blank\" rel=\"noopener\"><img decoding=\"async\" class=\"alignleft wp-image-2367\" src=\"https:\/\/www.superlastminutes.be\/fr\/wp-content\/uploads\/Marrakech-300x225.jpeg\" alt=\"Marrakech\" width=\"244\" height=\"183\" srcset=\"https:\/\/superlastminutes.be\/fr\/wp-content\/uploads\/Marrakech-300x225.jpeg 300w, https:\/\/superlastminutes.be\/fr\/wp-content\/uploads\/Marrakech-100x75.jpeg 100w, https:\/\/superlastminutes.be\/fr\/wp-content\/uploads\/Marrakech-768x576.jpeg 768w, https:\/\/superlastminutes.be\/fr\/wp-content\/uploads\/Marrakech-630x473.jpeg 630w, https:\/\/superlastminutes.be\/fr\/wp-content\/uploads\/Marrakech.jpeg 900w\" sizes=\"(max-width: 244px) 100vw, 244px\" \/><\/a><\/p>\n<ul>\n<li>D\u00e9part de l&rsquo;a\u00e9roport de Bruxelles<\/li>\n<li>14 nuits<\/li>\n<li>En pension compl\u00e8te<\/li>\n<li>Du 25 ao\u00fbt au 8 septembre<\/li>\n<li>\u00c0 partir de 454\u20ac par personne au lieu de 1596\u20ac<\/li>\n<\/ul>\n<p><a href=\"https:\/\/superlastminutes.be\/fr\/link\/neckermann\" target=\"_blank\" rel=\"noopener\"><img decoding=\"async\" class=\"alignnone wp-image-1934 size-full\" src=\"https:\/\/www.superlastminutes.be\/fr\/wp-content\/uploads\/button_reservez-votre-sejour-1.png\" alt=\"button_reservez-votre-sejour\" width=\"255\" height=\"40\" \/><\/a><\/p>\n<h2>Bulgarie<\/h2>\n<p><a href=\"https:\/\/superlastminutes.be\/fr\/link\/neckermann\" target=\"_blank\" rel=\"noopener\"><img decoding=\"async\" class=\"alignleft wp-image-2368\" src=\"https:\/\/www.superlastminutes.be\/fr\/wp-content\/uploads\/Bulgarie-300x225.jpeg\" alt=\"Bulgarie\" width=\"232\" height=\"174\" \/><\/a><\/p>\n<ul>\n<li>D\u00e9part de l&rsquo;a\u00e9roport de Bruxelles<\/li>\n<li>4 nuits<\/li>\n<li>En all inclusive<\/li>\n<li>Du 24 au 28 ao\u00fbt<\/li>\n<li>\u00c0 partir de 437\u20ac par personne au lieu de 1389\u20ac<\/li>\n<\/ul>\n<p><a href=\"https:\/\/superlastminutes.be\/fr\/link\/neckermann\" target=\"_blank\" rel=\"noopener\"><img decoding=\"async\" class=\"alignnone wp-image-1934 size-full\" src=\"https:\/\/www.superlastminutes.be\/fr\/wp-content\/uploads\/button_reservez-votre-sejour-1.png\" alt=\"button_reservez-votre-sejour\" width=\"255\" height=\"40\" \/><\/a><\/p>\n<h2>Chypre<\/h2>\n<p><a href=\"https:\/\/superlastminutes.be\/fr\/link\/neckermann\" target=\"_blank\" rel=\"noopener\"><img loading=\"lazy\" decoding=\"async\" class=\"alignleft wp-image-2371\" src=\"https:\/\/www.superlastminutes.be\/fr\/wp-content\/uploads\/Chypre-300x225.jpeg\" alt=\"Chypre\" width=\"228\" height=\"171\" srcset=\"https:\/\/superlastminutes.be\/fr\/wp-content\/uploads\/Chypre-300x225.jpeg 300w, https:\/\/superlastminutes.be\/fr\/wp-content\/uploads\/Chypre-100x75.jpeg 100w, https:\/\/superlastminutes.be\/fr\/wp-content\/uploads\/Chypre-768x576.jpeg 768w, https:\/\/superlastminutes.be\/fr\/wp-content\/uploads\/Chypre-630x473.jpeg 630w, https:\/\/superlastminutes.be\/fr\/wp-content\/uploads\/Chypre.jpeg 900w\" sizes=\"(max-width: 228px) 100vw, 228px\" \/><\/a><\/p>\n<ul>\n<li>D\u00e9part de l&rsquo;a\u00e9roport de Bruxelles<\/li>\n<li>7 nuits<\/li>\n<li>Logement et petit-d\u00e9jeuner<\/li>\n<li>Du 28 ao\u00fbt au 5 septembre<\/li>\n<li>\u00c0 partir de 399\u20ac par personne au lieu de 1213\u20ac<\/li>\n<\/ul>\n<p><a href=\"https:\/\/superlastminutes.be\/fr\/link\/neckermann\" target=\"_blank\" rel=\"noopener\"><img decoding=\"async\" class=\"alignnone wp-image-1934 size-full\" src=\"https:\/\/www.superlastminutes.be\/fr\/wp-content\/uploads\/button_reservez-votre-sejour-1.png\" alt=\"button_reservez-votre-sejour\" width=\"255\" height=\"40\" \/><\/a><\/p>\n<h2>Gr\u00e8ce, Cos<\/h2>\n<p><a href=\"https:\/\/superlastminutes.be\/fr\/link\/neckermann\" target=\"_blank\" rel=\"noopener\"><img loading=\"lazy\" decoding=\"async\" class=\"alignleft wp-image-2372\" src=\"https:\/\/www.superlastminutes.be\/fr\/wp-content\/uploads\/Cos-300x225.jpeg\" alt=\"Cos\" width=\"243\" height=\"182\" srcset=\"https:\/\/superlastminutes.be\/fr\/wp-content\/uploads\/Cos-300x225.jpeg 300w, https:\/\/superlastminutes.be\/fr\/wp-content\/uploads\/Cos-100x75.jpeg 100w, https:\/\/superlastminutes.be\/fr\/wp-content\/uploads\/Cos-768x576.jpeg 768w, https:\/\/superlastminutes.be\/fr\/wp-content\/uploads\/Cos-630x473.jpeg 630w, https:\/\/superlastminutes.be\/fr\/wp-content\/uploads\/Cos.jpeg 900w\" sizes=\"(max-width: 243px) 100vw, 243px\" \/><\/a><\/p>\n<ul>\n<li>D\u00e9part de l&rsquo;a\u00e9roport de Bruxelles<\/li>\n<li>4 nuits<\/li>\n<li>En demi-pension<\/li>\n<li>Du 24 au 28 ao\u00fbt<\/li>\n<li>\u00c0 partir de 437\u20ac par personne au lieu de 1238\u20ac<\/li>\n<\/ul>\n<p><a href=\"https:\/\/superlastminutes.be\/fr\/link\/neckermann\" target=\"_blank\" rel=\"noopener\"><img decoding=\"async\" class=\"alignnone wp-image-1934 size-full\" src=\"https:\/\/www.superlastminutes.be\/fr\/wp-content\/uploads\/button_reservez-votre-sejour-1.png\" alt=\"button_reservez-votre-sejour\" width=\"255\" height=\"40\" \/><\/a><\/p>\n<h2>Portugal, Algarve<\/h2>\n<p><a href=\"https:\/\/superlastminutes.be\/fr\/link\/neckermann\" target=\"_blank\" rel=\"noopener\"><img loading=\"lazy\" decoding=\"async\" class=\"alignleft wp-image-2374\" src=\"https:\/\/www.superlastminutes.be\/fr\/wp-content\/uploads\/Algarve-300x225.jpeg\" alt=\"Algarve\" width=\"257\" height=\"193\" srcset=\"https:\/\/superlastminutes.be\/fr\/wp-content\/uploads\/Algarve-300x225.jpeg 300w, https:\/\/superlastminutes.be\/fr\/wp-content\/uploads\/Algarve-100x75.jpeg 100w, https:\/\/superlastminutes.be\/fr\/wp-content\/uploads\/Algarve-768x576.jpeg 768w, https:\/\/superlastminutes.be\/fr\/wp-content\/uploads\/Algarve-630x473.jpeg 630w, https:\/\/superlastminutes.be\/fr\/wp-content\/uploads\/Algarve.jpeg 900w\" sizes=\"(max-width: 257px) 100vw, 257px\" \/><\/a><\/p>\n<ul>\n<li>D\u00e9part de l&rsquo;a\u00e9roport de Bruxelles<\/li>\n<li>7 nuits<\/li>\n<li>En all inclusive<\/li>\n<li>Du 24 au 31 ao\u00fbt<\/li>\n<li>\u00c0 partir de 884\u20ac par personne au lieu de 1814\u20ac<\/li>\n<\/ul>\n<p><a href=\"https:\/\/superlastminutes.be\/fr\/link\/neckermann\" target=\"_blank\" rel=\"noopener\"><img decoding=\"async\" class=\"alignnone wp-image-1934 size-full\" src=\"https:\/\/www.superlastminutes.be\/fr\/wp-content\/uploads\/button_reservez-votre-sejour-1.png\" alt=\"button_reservez-votre-sejour\" width=\"255\" height=\"40\" \/><\/a><\/p>\n","protected":false},"excerpt":{"rendered":"<p>Chez Neckermann, c&rsquo;est encore les soldes ! En ce moment, vous b\u00e9n\u00e9ficiez de r\u00e9ductions exclusives allant jusqu&rsquo;\u00e0 &#8211; 70%<\/p>\n","protected":false},"author":54,"featured_media":2369,"comment_status":"open","ping_status":"open","sticky":false,"template":"","format":"standard","meta":{"generate_page_header":"","_bos_mb_destination":[""],"footnotes":""},"categories":[3603],"tags":[3494,3772,3590,3776,3778,3773,3775,3777,3779,3774,2645,3771,3781,3780,3588,3496,3516,3495,3766],"class_list":["post-2364","post","type-post","status-publish","format-standard","has-post-thumbnail","hentry","category-les-dernieres-offres","tag-last-minute","tag-last-minute-aout","tag-last-minute-au-soleil","tag-last-minute-bulgarie","tag-last-minute-chypre","tag-last-minute-espagne","tag-last-minute-grece","tag-last-minute-italie","tag-last-minute-maroc","tag-last-minute-portugal","tag-neckermann","tag-neckermann-last-minute","tag-promo-last-minute","tag-promo-neckermann","tag-vacances","tag-vacances-last-minute","tag-voyage","tag-voyage-last-minute","tag-voyage-pas-cher"],"aioseo_notices":[],"_links":{"self":[{"href":"https:\/\/superlastminutes.be\/fr\/wp-json\/wp\/v2\/posts\/2364","targetHints":{"allow":["GET"]}}],"collection":[{"href":"https:\/\/superlastminutes.be\/fr\/wp-json\/wp\/v2\/posts"}],"about":[{"href":"https:\/\/superlastminutes.be\/fr\/wp-json\/wp\/v2\/types\/post"}],"author":[{"embeddable":true,"href":"https:\/\/superlastminutes.be\/fr\/wp-json\/wp\/v2\/users\/54"}],"replies":[{"embeddable":true,"href":"https:\/\/superlastminutes.be\/fr\/wp-json\/wp\/v2\/comments?post=2364"}],"version-history":[{"count":3,"href":"https:\/\/superlastminutes.be\/fr\/wp-json\/wp\/v2\/posts\/2364\/revisions"}],"predecessor-version":[{"id":3637,"href":"https:\/\/superlastminutes.be\/fr\/wp-json\/wp\/v2\/posts\/2364\/revisions\/3637"}],"wp:featuredmedia":[{"embeddable":true,"href":"https:\/\/superlastminutes.be\/fr\/wp-json\/wp\/v2\/media\/2369"}],"wp:attachment":[{"href":"https:\/\/superlastminutes.be\/fr\/wp-json\/wp\/v2\/media?parent=2364"}],"wp:term":[{"taxonomy":"category","embeddable":true,"href":"https:\/\/superlastminutes.be\/fr\/wp-json\/wp\/v2\/categories?post=2364"},{"taxonomy":"post_tag","embeddable":true,"href":"https:\/\/superlastminutes.be\/fr\/wp-json\/wp\/v2\/tags?post=2364"}],"curies":[{"name":"wp","href":"https:\/\/api.w.org\/{rel}","templated":true}]}}