{"id":5335,"date":"2020-12-03T00:05:22","date_gmt":"2020-12-02T23:05:22","guid":{"rendered":"https:\/\/superlastminutes.be\/fr\/?p=5335"},"modified":"2020-12-02T14:20:17","modified_gmt":"2020-12-02T13:20:17","slug":"chalets-pour-vacances-dhiver-sur-interhome-offres-last-minutes","status":"publish","type":"post","link":"https:\/\/superlastminutes.be\/fr\/chalets-pour-vacances-dhiver-sur-interhome-offres-last-minutes\/","title":{"rendered":"Chalets pour vacances d&rsquo;hiver sur Interhome : offres last minutes"},"content":{"rendered":"<p>Oubliez les restrictions de vacances que vous vous \u00eates mises cette ann\u00e9e : il est tout \u00e0 fait possible de louer une maison de vacances et de vous \u00e9vader sans prendre de risques sanitaires sur<a href=\"http:\/\/superlastminutes.be\/fr\/link\/interhome\" target=\"_blank\" rel=\"noopener noreferrer\"><strong> Interhome<\/strong><\/a> !<\/p>\n<p><!--more--><\/p>\n<p>En ce moment, profitez d&rsquo;<strong>offres exceptionnelles en last minute<\/strong>.<\/p>\n<p>Ce sp\u00e9cialiste de<strong> locations de vacances<\/strong> vous propose de magnifiques chalets, villas ou appartements pour passer un agr\u00e9able moment cet hiver en France, Suisse, Italie ou Autriche. De quoi profiter de paysages enneig\u00e9s, de s&rsquo;adonner \u00e0 quelques descentes en skis ou en luge et de profiter de longues soir\u00e9es raclette au coin du feu, en famille ou entre amis.<\/p>\n<p><a href=\"http:\/\/superlastminutes.be\/fr\/link\/interhome\" target=\"_blank\" rel=\"noopener noreferrer\"><img fetchpriority=\"high\" decoding=\"async\" class=\"alignnone wp-image-5339 size-full\" src=\"https:\/\/superlastminutes.be\/fr\/wp-content\/uploads\/Interhome.jpg\" alt=\"Interhome\" width=\"728\" height=\"370\" srcset=\"https:\/\/superlastminutes.be\/fr\/wp-content\/uploads\/Interhome.jpg 728w, https:\/\/superlastminutes.be\/fr\/wp-content\/uploads\/Interhome-300x152.jpg 300w, https:\/\/superlastminutes.be\/fr\/wp-content\/uploads\/Interhome-630x320.jpg 630w, https:\/\/superlastminutes.be\/fr\/wp-content\/uploads\/Interhome-100x51.jpg 100w\" sizes=\"(max-width: 728px) 100vw, 728px\" \/><\/a><\/p>\n<p>Alpes, Haute Savoie, Oberland, Suisse Orientale&#8230; Les possibilit\u00e9s sont nombreuses pour voyager \u00e0 prix tr\u00e8s accessible.<\/p>\n<p>Vous aurez tout le logement pour vous et profiterez d&rsquo;une intimit\u00e9 sans pareil dans un cadre idyllique : parfait pour se relaxer pendant les f\u00eates.<\/p>\n<p>Si vous souhaitez profiter de temp\u00e9ratures plus cl\u00e9mentes, jetez un coup d&rsquo;oeil sur les locations en Espagne, en Croatie, au Portugal et bien d&rsquo;autres !<\/p>\n<p><a href=\"https:\/\/superlastminutes.be\/fr\/link\/interhome\/\" target=\"_blank\" rel=\"noopener noreferrer\"><img decoding=\"async\" class=\"alignnone wp-image-2666 size-medium\" src=\"https:\/\/superlastminutes.be\/fr\/wp-content\/uploads\/button_decouvrez_les_offres_du_moment-300x33.png\" alt=\"button_decouvrez_les_offres_du_moment\" width=\"300\" height=\"33\" srcset=\"https:\/\/superlastminutes.be\/fr\/wp-content\/uploads\/button_decouvrez_les_offres_du_moment-300x33.png 300w, https:\/\/superlastminutes.be\/fr\/wp-content\/uploads\/button_decouvrez_les_offres_du_moment-100x11.png 100w, https:\/\/superlastminutes.be\/fr\/wp-content\/uploads\/button_decouvrez_les_offres_du_moment.png 364w\" sizes=\"(max-width: 300px) 100vw, 300px\" \/><\/a><\/p>\n","protected":false},"excerpt":{"rendered":"<p>Oubliez les restrictions de vacances que vous vous \u00eates mises cette ann\u00e9e : il est tout \u00e0 fait possible de louer une maison de vacances et de vous \u00e9vader sans prendre de risques sanitaires sur Interhome !<\/p>\n","protected":false},"author":54,"featured_media":5339,"comment_status":"open","ping_status":"open","sticky":false,"template":"","format":"standard","meta":{"generate_page_header":"","_bos_mb_destination":[""],"footnotes":""},"categories":[3489,3487,3478,3603,3474,3475],"tags":[98,4136,4008,4574,4575,4576,4069,4132,3588,4068,3704],"class_list":["post-5335","post","type-post","status-publish","format-standard","has-post-thumbnail","hentry","category-en-couple","category-en-famille","category-europe","category-les-dernieres-offres","category-sejour-a-la-mer","category-sejour-a-la-montagne","tag-appartement","tag-chalet","tag-hiver","tag-interhome","tag-location-de-vacances","tag-location-hiver","tag-ski","tag-sports-dhiver","tag-vacances","tag-vacances-dhiver","tag-villa"],"aioseo_notices":[],"_links":{"self":[{"href":"https:\/\/superlastminutes.be\/fr\/wp-json\/wp\/v2\/posts\/5335","targetHints":{"allow":["GET"]}}],"collection":[{"href":"https:\/\/superlastminutes.be\/fr\/wp-json\/wp\/v2\/posts"}],"about":[{"href":"https:\/\/superlastminutes.be\/fr\/wp-json\/wp\/v2\/types\/post"}],"author":[{"embeddable":true,"href":"https:\/\/superlastminutes.be\/fr\/wp-json\/wp\/v2\/users\/54"}],"replies":[{"embeddable":true,"href":"https:\/\/superlastminutes.be\/fr\/wp-json\/wp\/v2\/comments?post=5335"}],"version-history":[{"count":2,"href":"https:\/\/superlastminutes.be\/fr\/wp-json\/wp\/v2\/posts\/5335\/revisions"}],"predecessor-version":[{"id":5341,"href":"https:\/\/superlastminutes.be\/fr\/wp-json\/wp\/v2\/posts\/5335\/revisions\/5341"}],"wp:featuredmedia":[{"embeddable":true,"href":"https:\/\/superlastminutes.be\/fr\/wp-json\/wp\/v2\/media\/5339"}],"wp:attachment":[{"href":"https:\/\/superlastminutes.be\/fr\/wp-json\/wp\/v2\/media?parent=5335"}],"wp:term":[{"taxonomy":"category","embeddable":true,"href":"https:\/\/superlastminutes.be\/fr\/wp-json\/wp\/v2\/categories?post=5335"},{"taxonomy":"post_tag","embeddable":true,"href":"https:\/\/superlastminutes.be\/fr\/wp-json\/wp\/v2\/tags?post=5335"}],"curies":[{"name":"wp","href":"https:\/\/api.w.org\/{rel}","templated":true}]}}