{"id":6620,"date":"2026-08-31T11:25:33","date_gmt":"2026-08-31T10:25:33","guid":{"rendered":"https:\/\/superlastminutes.be\/fr\/?p=6620"},"modified":"2026-08-31T11:26:20","modified_gmt":"2026-08-31T10:26:20","slug":"quand-septembre-devient-la-saison-ideale-pour-sevader","status":"publish","type":"post","link":"https:\/\/superlastminutes.be\/fr\/quand-septembre-devient-la-saison-ideale-pour-sevader\/","title":{"rendered":"Quand septembre devient la saison id\u00e9ale pour s\u2019\u00e9vader"},"content":{"rendered":"<h2>Et si les vacances commen\u00e7aient apr\u00e8s l\u2019\u00e9t\u00e9 ?<\/h2>\n<p><img decoding=\"async\" src=\"https:\/\/superlastminutes.be\/fr\/wp-content\/uploads\/last-minute-1.jpg\" width=\"100%\" alt=\"\" \/><\/p>\n<p class=\"isSelectedEnd\">Pour beaucoup, la rentr\u00e9e marque la fin des vacances.<\/p>\n<p class=\"isSelectedEnd\">Pourtant, ce n\u2019est pas forc\u00e9ment le cas.<\/p>\n<p class=\"isSelectedEnd\">Septembre peut \u00eatre une excellente p\u00e9riode pour partir. Les temp\u00e9ratures restent agr\u00e9ables dans de nombreuses destinations. Les plages deviennent \u00e9galement plus tranquilles. De plus, les grandes villes retrouvent une ambiance plus paisible.<\/p>\n<p class=\"isSelectedEnd\">Ainsi, voyager apr\u00e8s la haute saison offre une exp\u00e9rience diff\u00e9rente.<\/p>\n<p class=\"isSelectedEnd\">Vous profitez davantage des paysages. Vous prenez votre temps. Surtout, vous \u00e9vitez parfois l\u2019agitation des semaines les plus fr\u00e9quent\u00e9es.<\/p>\n<p class=\"isSelectedEnd\">C\u2019est donc le moment parfait pour s\u2019offrir une nouvelle parenth\u00e8se.<\/p>\n<h2>Le charme particulier des destinations m\u00e9diterran\u00e9ennes<\/h2>\n<p class=\"isSelectedEnd\">La M\u00e9diterran\u00e9e reste une valeur s\u00fbre en septembre.<\/p>\n<p class=\"isSelectedEnd\">En Espagne, par exemple, le soleil accompagne encore les journ\u00e9es. Les c\u00f4tes offrent de longues plages. Les petites villes conservent leur animation. Cependant, le rythme devient souvent plus agr\u00e9able.<\/p>\n<p class=\"isSelectedEnd\">Les \u00eeles espagnoles sont \u00e9galement int\u00e9ressantes.<\/p>\n<p class=\"isSelectedEnd\">Majorque s\u00e9duit avec ses criques et ses villages. Minorque offre une atmosph\u00e8re plus paisible. Quant aux Canaries, elles permettent de profiter d\u2019un climat agr\u00e9able tout en d\u00e9couvrant des paysages volcaniques.<\/p>\n<p class=\"isSelectedEnd\">La Gr\u00e8ce m\u00e9rite aussi une place dans votre carnet de voyage.<\/p>\n<p class=\"isSelectedEnd\">Les \u00eeles grecques associent mer turquoise, villages blancs et gastronomie locale. De plus, les soir\u00e9es restent agr\u00e9ables.<\/p>\n<p class=\"isSelectedEnd\">Ainsi, une promenade apr\u00e8s le d\u00eener devient un vrai plaisir.<\/p>\n<h2>La Turquie entre mer et d\u00e9couvertes<\/h2>\n<p class=\"isSelectedEnd\">La Turquie constitue \u00e9galement une belle option pour prolonger l\u2019\u00e9t\u00e9.<\/p>\n<p class=\"isSelectedEnd\">La Riviera turque combine plages, paysages et patrimoine. Vous pouvez commencer la journ\u00e9e au bord de la mer. Ensuite, partez d\u00e9couvrir un march\u00e9 local ou un village traditionnel.<\/p>\n<p class=\"isSelectedEnd\">La cuisine m\u00e9rite \u00e9galement le d\u00e9tour.<\/p>\n<p class=\"isSelectedEnd\">Go\u00fbtez les sp\u00e9cialit\u00e9s locales. Prenez le temps de vous installer \u00e0 une terrasse. Puis laissez simplement l\u2019ambiance vous transporter.<\/p>\n<p class=\"isSelectedEnd\">La fin de l\u2019\u00e9t\u00e9 donne aussi une autre couleur aux paysages.<\/p>\n<p class=\"isSelectedEnd\">La lumi\u00e8re devient plus douce. Les promenades sont plus agr\u00e9ables. Par cons\u00e9quent, les journ\u00e9es peuvent \u00eatre aussi reposantes que d\u00e9paysantes.<\/p>\n<h2>Une escapade en ville peut aussi prolonger l\u2019\u00e9t\u00e9<\/h2>\n<p class=\"isSelectedEnd\">Vous pr\u00e9f\u00e9rez la culture \u00e0 la plage ?<\/p>\n<p class=\"isSelectedEnd\">Dans ce cas, un city trip peut \u00eatre une excellente id\u00e9e.<\/p>\n<p class=\"isSelectedEnd\">Lisbonne, par exemple, s\u00e9duit avec ses rues color\u00e9es et ses nombreux points de vue. De plus, les terrasses invitent \u00e0 prendre son temps.<\/p>\n<p class=\"isSelectedEnd\">Rome offre une exp\u00e9rience compl\u00e8tement diff\u00e9rente.<\/p>\n<p class=\"isSelectedEnd\">Chaque quartier raconte une histoire. Les places sont anim\u00e9es. Les petites rues cachent souvent de belles surprises.<\/p>\n<p class=\"isSelectedEnd\">Madrid constitue \u00e9galement une destination int\u00e9ressante. Vous pouvez visiter un mus\u00e9e le matin. Ensuite, d\u00e9gustez une sp\u00e9cialit\u00e9 espagnole. Enfin, terminez la journ\u00e9e sur une terrasse.<\/p>\n<p class=\"isSelectedEnd\">Ainsi, quelques jours suffisent pour changer compl\u00e8tement d\u2019air.<\/p>\n<h2>Pourquoi choisir un d\u00e9part de derni\u00e8re minute ?<\/h2>\n<p class=\"isSelectedEnd\">Le voyage last minute attire surtout les personnes qui aiment la libert\u00e9.<\/p>\n<p class=\"isSelectedEnd\">Vous n\u2019avez pas besoin de tout organiser plusieurs mois \u00e0 l\u2019avance. Au contraire, vous pouvez choisir votre destination selon vos envies du moment.<\/p>\n<p class=\"isSelectedEnd\">La m\u00e9t\u00e9o peut \u00e9galement influencer votre d\u00e9cision.<\/p>\n<p class=\"isSelectedEnd\">Vous recherchez du soleil ? Orientez-vous vers le sud de l\u2019Europe.<\/p>\n<p class=\"isSelectedEnd\">Vous pr\u00e9f\u00e9rez une ambiance culturelle ? Choisissez une grande ville.<\/p>\n<p class=\"isSelectedEnd\">Vous souhaitez simplement vous reposer ? Une formule tout compris peut \u00eatre id\u00e9ale.<\/p>\n<p class=\"isSelectedEnd\">De plus, les offres \u00e9voluent r\u00e9guli\u00e8rement. Il est donc int\u00e9ressant de comparer plusieurs destinations avant de r\u00e9server.<\/p>\n<p class=\"isSelectedEnd\">La flexibilit\u00e9 devient alors votre meilleur alli\u00e9.<\/p>\n<h2>Prenez le temps de d\u00e9couvrir autrement<\/h2>\n<p class=\"isSelectedEnd\">Voyager ne signifie pas forc\u00e9ment multiplier les activit\u00e9s.<\/p>\n<p class=\"isSelectedEnd\">Parfois, il suffit de ralentir.<\/p>\n<p class=\"isSelectedEnd\">Promenez-vous dans les rues d\u2019un petit village. Ensuite, installez-vous dans un caf\u00e9. Observez les habitants. Go\u00fbtez une sp\u00e9cialit\u00e9 locale.<\/p>\n<p class=\"isSelectedEnd\">Puis partez simplement sans itin\u00e9raire pr\u00e9cis.<\/p>\n<p class=\"isSelectedEnd\">Cette mani\u00e8re de voyager permet de d\u00e9couvrir des endroits que les programmes classiques oublient souvent.<\/p>\n<p class=\"isSelectedEnd\">Une petite plage presque d\u00e9serte peut devenir le souvenir principal du s\u00e9jour.<\/p>\n<p class=\"isSelectedEnd\">De m\u00eame, une conversation avec un habitant peut transformer votre perception d\u2019une destination.<\/p>\n<p class=\"isSelectedEnd\">Ainsi, laissez une place \u00e0 l\u2019impr\u00e9vu.<\/p>\n<h2>M\u00eame pr\u00e8s de chez vous, l\u2019\u00e9vasion est possible<\/h2>\n<p class=\"isSelectedEnd\">Vous ne souhaitez pas prendre l\u2019avion ?<\/p>\n<p class=\"isSelectedEnd\">Aucun probl\u00e8me.<\/p>\n<p class=\"isSelectedEnd\">La Belgique et les pays voisins offrent \u00e9galement de nombreuses possibilit\u00e9s.<\/p>\n<p class=\"isSelectedEnd\">La c\u00f4te belge permet de profiter de l\u2019air marin. Les Ardennes invitent aux promenades et aux activit\u00e9s en pleine nature. De l\u2019autre c\u00f4t\u00e9 de la fronti\u00e8re, les Pays-Bas, le Luxembourg et le nord de la France proposent \u00e9galement de belles escapades.<\/p>\n<p class=\"isSelectedEnd\">En outre, ces destinations sont faciles \u00e0 rejoindre.<\/p>\n<p class=\"isSelectedEnd\">Vous passez donc moins de temps dans les transports. En revanche, vous profitez davantage du s\u00e9jour.<\/p>\n<p class=\"isSelectedEnd\">Une courte escapade peut ainsi suffire pour retrouver de l\u2019\u00e9nergie.<\/p>\n<h2>Une valise l\u00e9g\u00e8re et l\u2019esprit libre<\/h2>\n<p class=\"isSelectedEnd\">Partir en septembre demande peu de choses.<\/p>\n<p class=\"isSelectedEnd\">Privil\u00e9giez des v\u00eatements faciles \u00e0 porter. Ajoutez toutefois une veste l\u00e9g\u00e8re pour les soir\u00e9es. Pensez \u00e9galement aux chaussures confortables.<\/p>\n<p class=\"isSelectedEnd\">Bien s\u00fbr, les lunettes de soleil restent utiles.<\/p>\n<p class=\"isSelectedEnd\">Une gourde r\u00e9utilisable peut aussi vous accompagner durant vos promenades.<\/p>\n<p class=\"isSelectedEnd\">Enfin, v\u00e9rifiez vos documents avant de partir.<\/p>\n<p class=\"isSelectedEnd\">Une fois ces d\u00e9tails r\u00e9gl\u00e9s, il ne reste plus qu\u2019\u00e0 profiter.<\/p>\n<h2>Et si votre prochain voyage \u00e9tait une surprise ?<\/h2>\n<p class=\"isSelectedEnd\">La fin de l\u2019\u00e9t\u00e9 ne doit pas forc\u00e9ment annoncer la fin des d\u00e9couvertes.<\/p>\n<p class=\"isSelectedEnd\">Au contraire, elle peut ouvrir une nouvelle p\u00e9riode de voyage.<\/p>\n<p class=\"isSelectedEnd\">Les temp\u00e9ratures restent agr\u00e9ables. Les destinations sont souvent plus calmes. Les paysages gardent leur charme. De plus, les escapades last minute permettent de d\u00e9cider plus librement.<\/p>\n<p class=\"isSelectedEnd\">Alors, pourquoi attendre les prochaines vacances ?<\/p>\n<p class=\"isSelectedEnd\">Choisissez une destination qui vous fait envie. Pr\u00e9parez votre valise. Puis laissez-vous surprendre.<\/p>\n<p class=\"isSelectedEnd\">Que vous r\u00eaviez d\u2019une plage m\u00e9diterran\u00e9enne, d\u2019un village authentique, d\u2019un city trip culturel ou d\u2019un s\u00e9jour reposant, septembre peut \u00eatre le moment id\u00e9al pour partir.<\/p>\n<p class=\"isSelectedEnd\">Apr\u00e8s tout, les plus beaux voyages ne commencent pas toujours avec un long calendrier.<\/p>\n<p class=\"isSelectedEnd\">Parfois, ils commencent simplement par une envie.<\/p>\n<p>Et cette envie peut na\u00eetre aujourd\u2019hui.<\/p>\n","protected":false},"excerpt":{"rendered":"<p>Et si les vacances commen\u00e7aient apr\u00e8s l\u2019\u00e9t\u00e9 ? Pour beaucoup, la rentr\u00e9e marque la fin des vacances. Pourtant, ce n\u2019est pas forc\u00e9ment le cas. Septembre peut \u00eatre une excellente p\u00e9riode pour partir. Les temp\u00e9ratures restent agr\u00e9ables dans de nombreuses destinations. Les plages deviennent \u00e9galement plus tranquilles. De plus, les grandes villes retrouvent une ambiance plus &#8230; <a title=\"Quand septembre devient la saison id\u00e9ale pour s\u2019\u00e9vader\" class=\"read-more\" href=\"https:\/\/superlastminutes.be\/fr\/quand-septembre-devient-la-saison-ideale-pour-sevader\/\">Lire plus<\/a><\/p>\n","protected":false},"author":1,"featured_media":6621,"comment_status":"open","ping_status":"open","sticky":false,"template":"","format":"standard","meta":{"generate_page_header":"","_bos_mb_destination":[""],"footnotes":""},"categories":[5016],"tags":[3518,3649,3537,4995,5053,4994,5054,3496,3516],"class_list":["post-6620","post","type-post","status-publish","format-standard","has-post-thumbnail","hentry","category-last-minute","tag-city-trip","tag-escapade","tag-europe","tag-plage","tag-septembre","tag-soleil","tag-vacances-en-septembre","tag-vacances-last-minute","tag-voyage"],"aioseo_notices":[],"_links":{"self":[{"href":"https:\/\/superlastminutes.be\/fr\/wp-json\/wp\/v2\/posts\/6620","targetHints":{"allow":["GET"]}}],"collection":[{"href":"https:\/\/superlastminutes.be\/fr\/wp-json\/wp\/v2\/posts"}],"about":[{"href":"https:\/\/superlastminutes.be\/fr\/wp-json\/wp\/v2\/types\/post"}],"author":[{"embeddable":true,"href":"https:\/\/superlastminutes.be\/fr\/wp-json\/wp\/v2\/users\/1"}],"replies":[{"embeddable":true,"href":"https:\/\/superlastminutes.be\/fr\/wp-json\/wp\/v2\/comments?post=6620"}],"version-history":[{"count":2,"href":"https:\/\/superlastminutes.be\/fr\/wp-json\/wp\/v2\/posts\/6620\/revisions"}],"predecessor-version":[{"id":6623,"href":"https:\/\/superlastminutes.be\/fr\/wp-json\/wp\/v2\/posts\/6620\/revisions\/6623"}],"wp:featuredmedia":[{"embeddable":true,"href":"https:\/\/superlastminutes.be\/fr\/wp-json\/wp\/v2\/media\/6621"}],"wp:attachment":[{"href":"https:\/\/superlastminutes.be\/fr\/wp-json\/wp\/v2\/media?parent=6620"}],"wp:term":[{"taxonomy":"category","embeddable":true,"href":"https:\/\/superlastminutes.be\/fr\/wp-json\/wp\/v2\/categories?post=6620"},{"taxonomy":"post_tag","embeddable":true,"href":"https:\/\/superlastminutes.be\/fr\/wp-json\/wp\/v2\/tags?post=6620"}],"curies":[{"name":"wp","href":"https:\/\/api.w.org\/{rel}","templated":true}]}}